{"id":15735,"date":"2023-10-02T09:21:12","date_gmt":"2023-10-02T09:21:12","guid":{"rendered":"https:\/\/500km.sk\/500-km-slovenskych-na-skode-popular\/"},"modified":"2023-10-20T10:05:54","modified_gmt":"2023-10-20T10:05:54","slug":"500-km-slovenskych-na-skode-popular","status":"publish","type":"post","link":"https:\/\/500km.sk\/en\/500-km-slovenskych-na-skode-popular\/","title":{"rendered":"500 KM slovensk\u00fdch on \u0160koda Popul\u00e1r"},"content":{"rendered":"\n<p>Watch the report about how the competitors from TA3 television and \u0160koda Popul\u00e1r fared in the 500 KM slovensk\u00fdch race. <\/p>\n\n<p>You can watch the video in the following link:<\/p>\n\n<blockquote class=\"wp-block-quote\">\n<p><a href=\"https:\/\/www.ta3.com\/relacia\/30626\/motoring-nezabudnutene-spolocne-chvile-so-skodou-popular\">https:\/\/www.ta3.com\/relacia\/30626\/motoring-nezabudnutene-spolocne-chvile-so-skodou-popular<\/a><\/p>\n<\/blockquote>\n","protected":false},"excerpt":{"rendered":"<p>Watch the report about how the competitors from TA3 television and \u0160koda Popul\u00e1r fared in the 500 KM slovensk\u00fdch race. You can watch the video in the following link: https:\/\/www.ta3.com\/relacia\/30626\/motoring-nezabudnutene-spolocne-chvile-so-skodou-popular<\/p>\n","protected":false},"author":8,"featured_media":15570,"comment_status":"closed","ping_status":"open","sticky":false,"template":"","format":"standard","meta":{"footnotes":""},"categories":[77],"tags":[],"yoast_head":"<!-- This site is optimized with the Yoast SEO plugin v22.5 - https:\/\/yoast.com\/wordpress\/plugins\/seo\/ -->\n<title>500 KM slovensk\u00fdch on \u0160koda Popul\u00e1r - 500 km slovensk\u00fdch<\/title>\n<meta name=\"robots\" content=\"index, follow, max-snippet:-1, max-image-preview:large, max-video-preview:-1\" \/>\n<link rel=\"canonical\" href=\"https:\/\/500km.sk\/en\/500-km-slovenskych-na-skode-popular\/\" \/>\n<meta property=\"og:locale\" content=\"en_US\" \/>\n<meta property=\"og:type\" content=\"article\" \/>\n<meta property=\"og:title\" content=\"500 KM slovensk\u00fdch on \u0160koda Popul\u00e1r - 500 km slovensk\u00fdch\" \/>\n<meta property=\"og:description\" content=\"Watch the report about how the competitors from TA3 television and \u0160koda Popul\u00e1r fared in the 500 KM slovensk\u00fdch race. You can watch the video in the following link: https:\/\/www.ta3.com\/relacia\/30626\/motoring-nezabudnutene-spolocne-chvile-so-skodou-popular\" \/>\n<meta property=\"og:url\" content=\"https:\/\/500km.sk\/en\/500-km-slovenskych-na-skode-popular\/\" \/>\n<meta property=\"og:site_name\" content=\"500 km slovensk\u00fdch\" \/>\n<meta property=\"article:publisher\" content=\"https:\/\/www.facebook.com\/500kmslovenskych\" \/>\n<meta property=\"article:published_time\" content=\"2023-10-02T09:21:12+00:00\" \/>\n<meta property=\"article:modified_time\" content=\"2023-10-20T10:05:54+00:00\" \/>\n<meta property=\"og:image\" content=\"https:\/\/500km.sk\/wp-content\/uploads\/2023\/10\/DSC0319male.jpg\" \/>\n\t<meta property=\"og:image:width\" content=\"2500\" \/>\n\t<meta property=\"og:image:height\" content=\"1667\" \/>\n\t<meta property=\"og:image:type\" content=\"image\/jpeg\" \/>\n<meta name=\"author\" content=\"jan\" \/>\n<meta name=\"twitter:card\" content=\"summary_large_image\" \/>\n<meta name=\"twitter:creator\" content=\"@500km_sk\" \/>\n<meta name=\"twitter:site\" content=\"@500km_sk\" \/>\n<meta name=\"twitter:label1\" content=\"Written by\" \/>\n\t<meta name=\"twitter:data1\" content=\"jan\" \/>\n\t<meta name=\"twitter:label2\" content=\"Est. reading time\" \/>\n\t<meta name=\"twitter:data2\" content=\"1 minute\" \/>\n<script type=\"application\/ld+json\" class=\"yoast-schema-graph\">{\"@context\":\"https:\/\/schema.org\",\"@graph\":[{\"@type\":\"WebPage\",\"@id\":\"https:\/\/500km.sk\/en\/500-km-slovenskych-na-skode-popular\/\",\"url\":\"https:\/\/500km.sk\/en\/500-km-slovenskych-na-skode-popular\/\",\"name\":\"500 KM slovensk\u00fdch on \u0160koda Popul\u00e1r - 500 km slovensk\u00fdch\",\"isPartOf\":{\"@id\":\"https:\/\/500km.sk\/en\/#website\"},\"primaryImageOfPage\":{\"@id\":\"https:\/\/500km.sk\/en\/500-km-slovenskych-na-skode-popular\/#primaryimage\"},\"image\":{\"@id\":\"https:\/\/500km.sk\/en\/500-km-slovenskych-na-skode-popular\/#primaryimage\"},\"thumbnailUrl\":\"https:\/\/500km.sk\/wp-content\/uploads\/2023\/10\/DSC0319male.jpg\",\"datePublished\":\"2023-10-02T09:21:12+00:00\",\"dateModified\":\"2023-10-20T10:05:54+00:00\",\"author\":{\"@id\":\"https:\/\/500km.sk\/en\/#\/schema\/person\/2571455c9f9f8966445ef9c84b2fceec\"},\"breadcrumb\":{\"@id\":\"https:\/\/500km.sk\/en\/500-km-slovenskych-na-skode-popular\/#breadcrumb\"},\"inLanguage\":\"en-US\",\"potentialAction\":[{\"@type\":\"ReadAction\",\"target\":[\"https:\/\/500km.sk\/en\/500-km-slovenskych-na-skode-popular\/\"]}]},{\"@type\":\"ImageObject\",\"inLanguage\":\"en-US\",\"@id\":\"https:\/\/500km.sk\/en\/500-km-slovenskych-na-skode-popular\/#primaryimage\",\"url\":\"https:\/\/500km.sk\/wp-content\/uploads\/2023\/10\/DSC0319male.jpg\",\"contentUrl\":\"https:\/\/500km.sk\/wp-content\/uploads\/2023\/10\/DSC0319male.jpg\",\"width\":2500,\"height\":1667},{\"@type\":\"BreadcrumbList\",\"@id\":\"https:\/\/500km.sk\/en\/500-km-slovenskych-na-skode-popular\/#breadcrumb\",\"itemListElement\":[{\"@type\":\"ListItem\",\"position\":1,\"name\":\"Home\",\"item\":\"https:\/\/500km.sk\/en\/\"},{\"@type\":\"ListItem\",\"position\":2,\"name\":\"500 KM slovensk\u00fdch on \u0160koda Popul\u00e1r\"}]},{\"@type\":\"WebSite\",\"@id\":\"https:\/\/500km.sk\/en\/#website\",\"url\":\"https:\/\/500km.sk\/en\/\",\"name\":\"500 km slovensk\u00fdch\",\"description\":\"500 km slovensk\u00fdch\",\"potentialAction\":[{\"@type\":\"SearchAction\",\"target\":{\"@type\":\"EntryPoint\",\"urlTemplate\":\"https:\/\/500km.sk\/en\/?s={search_term_string}\"},\"query-input\":\"required name=search_term_string\"}],\"inLanguage\":\"en-US\"},{\"@type\":\"Person\",\"@id\":\"https:\/\/500km.sk\/en\/#\/schema\/person\/2571455c9f9f8966445ef9c84b2fceec\",\"name\":\"jan\",\"image\":{\"@type\":\"ImageObject\",\"inLanguage\":\"en-US\",\"@id\":\"https:\/\/500km.sk\/en\/#\/schema\/person\/image\/\",\"url\":\"https:\/\/secure.gravatar.com\/avatar\/80aa3e27d090a60ee6365aecb259ddb4?s=96&d=mm&r=g\",\"contentUrl\":\"https:\/\/secure.gravatar.com\/avatar\/80aa3e27d090a60ee6365aecb259ddb4?s=96&d=mm&r=g\",\"caption\":\"jan\"},\"url\":\"https:\/\/500km.sk\/en\/author\/obysj\/\"}]}<\/script>\n<!-- \/ Yoast SEO plugin. -->","yoast_head_json":{"title":"500 KM slovensk\u00fdch on \u0160koda Popul\u00e1r - 500 km slovensk\u00fdch","robots":{"index":"index","follow":"follow","max-snippet":"max-snippet:-1","max-image-preview":"max-image-preview:large","max-video-preview":"max-video-preview:-1"},"canonical":"https:\/\/500km.sk\/en\/500-km-slovenskych-na-skode-popular\/","og_locale":"en_US","og_type":"article","og_title":"500 KM slovensk\u00fdch on \u0160koda Popul\u00e1r - 500 km slovensk\u00fdch","og_description":"Watch the report about how the competitors from TA3 television and \u0160koda Popul\u00e1r fared in the 500 KM slovensk\u00fdch race. You can watch the video in the following link: https:\/\/www.ta3.com\/relacia\/30626\/motoring-nezabudnutene-spolocne-chvile-so-skodou-popular","og_url":"https:\/\/500km.sk\/en\/500-km-slovenskych-na-skode-popular\/","og_site_name":"500 km slovensk\u00fdch","article_publisher":"https:\/\/www.facebook.com\/500kmslovenskych","article_published_time":"2023-10-02T09:21:12+00:00","article_modified_time":"2023-10-20T10:05:54+00:00","og_image":[{"width":2500,"height":1667,"url":"https:\/\/500km.sk\/wp-content\/uploads\/2023\/10\/DSC0319male.jpg","type":"image\/jpeg"}],"author":"jan","twitter_card":"summary_large_image","twitter_creator":"@500km_sk","twitter_site":"@500km_sk","twitter_misc":{"Written by":"jan","Est. reading time":"1 minute"},"schema":{"@context":"https:\/\/schema.org","@graph":[{"@type":"WebPage","@id":"https:\/\/500km.sk\/en\/500-km-slovenskych-na-skode-popular\/","url":"https:\/\/500km.sk\/en\/500-km-slovenskych-na-skode-popular\/","name":"500 KM slovensk\u00fdch on \u0160koda Popul\u00e1r - 500 km slovensk\u00fdch","isPartOf":{"@id":"https:\/\/500km.sk\/en\/#website"},"primaryImageOfPage":{"@id":"https:\/\/500km.sk\/en\/500-km-slovenskych-na-skode-popular\/#primaryimage"},"image":{"@id":"https:\/\/500km.sk\/en\/500-km-slovenskych-na-skode-popular\/#primaryimage"},"thumbnailUrl":"https:\/\/500km.sk\/wp-content\/uploads\/2023\/10\/DSC0319male.jpg","datePublished":"2023-10-02T09:21:12+00:00","dateModified":"2023-10-20T10:05:54+00:00","author":{"@id":"https:\/\/500km.sk\/en\/#\/schema\/person\/2571455c9f9f8966445ef9c84b2fceec"},"breadcrumb":{"@id":"https:\/\/500km.sk\/en\/500-km-slovenskych-na-skode-popular\/#breadcrumb"},"inLanguage":"en-US","potentialAction":[{"@type":"ReadAction","target":["https:\/\/500km.sk\/en\/500-km-slovenskych-na-skode-popular\/"]}]},{"@type":"ImageObject","inLanguage":"en-US","@id":"https:\/\/500km.sk\/en\/500-km-slovenskych-na-skode-popular\/#primaryimage","url":"https:\/\/500km.sk\/wp-content\/uploads\/2023\/10\/DSC0319male.jpg","contentUrl":"https:\/\/500km.sk\/wp-content\/uploads\/2023\/10\/DSC0319male.jpg","width":2500,"height":1667},{"@type":"BreadcrumbList","@id":"https:\/\/500km.sk\/en\/500-km-slovenskych-na-skode-popular\/#breadcrumb","itemListElement":[{"@type":"ListItem","position":1,"name":"Home","item":"https:\/\/500km.sk\/en\/"},{"@type":"ListItem","position":2,"name":"500 KM slovensk\u00fdch on \u0160koda Popul\u00e1r"}]},{"@type":"WebSite","@id":"https:\/\/500km.sk\/en\/#website","url":"https:\/\/500km.sk\/en\/","name":"500 km slovensk\u00fdch","description":"500 km slovensk\u00fdch","potentialAction":[{"@type":"SearchAction","target":{"@type":"EntryPoint","urlTemplate":"https:\/\/500km.sk\/en\/?s={search_term_string}"},"query-input":"required name=search_term_string"}],"inLanguage":"en-US"},{"@type":"Person","@id":"https:\/\/500km.sk\/en\/#\/schema\/person\/2571455c9f9f8966445ef9c84b2fceec","name":"jan","image":{"@type":"ImageObject","inLanguage":"en-US","@id":"https:\/\/500km.sk\/en\/#\/schema\/person\/image\/","url":"https:\/\/secure.gravatar.com\/avatar\/80aa3e27d090a60ee6365aecb259ddb4?s=96&d=mm&r=g","contentUrl":"https:\/\/secure.gravatar.com\/avatar\/80aa3e27d090a60ee6365aecb259ddb4?s=96&d=mm&r=g","caption":"jan"},"url":"https:\/\/500km.sk\/en\/author\/obysj\/"}]}},"_links":{"self":[{"href":"https:\/\/500km.sk\/en\/wp-json\/wp\/v2\/posts\/15735"}],"collection":[{"href":"https:\/\/500km.sk\/en\/wp-json\/wp\/v2\/posts"}],"about":[{"href":"https:\/\/500km.sk\/en\/wp-json\/wp\/v2\/types\/post"}],"author":[{"embeddable":true,"href":"https:\/\/500km.sk\/en\/wp-json\/wp\/v2\/users\/8"}],"replies":[{"embeddable":true,"href":"https:\/\/500km.sk\/en\/wp-json\/wp\/v2\/comments?post=15735"}],"version-history":[{"count":2,"href":"https:\/\/500km.sk\/en\/wp-json\/wp\/v2\/posts\/15735\/revisions"}],"predecessor-version":[{"id":15737,"href":"https:\/\/500km.sk\/en\/wp-json\/wp\/v2\/posts\/15735\/revisions\/15737"}],"wp:featuredmedia":[{"embeddable":true,"href":"https:\/\/500km.sk\/en\/wp-json\/wp\/v2\/media\/15570"}],"wp:attachment":[{"href":"https:\/\/500km.sk\/en\/wp-json\/wp\/v2\/media?parent=15735"}],"wp:term":[{"taxonomy":"category","embeddable":true,"href":"https:\/\/500km.sk\/en\/wp-json\/wp\/v2\/categories?post=15735"},{"taxonomy":"post_tag","embeddable":true,"href":"https:\/\/500km.sk\/en\/wp-json\/wp\/v2\/tags?post=15735"}],"curies":[{"name":"wp","href":"https:\/\/api.w.org\/{rel}","templated":true}]}}