{"id":16114,"date":"2024-02-07T08:43:37","date_gmt":"2024-02-07T08:43:37","guid":{"rendered":"https:\/\/500km.sk\/rozhovor-s-igorom-petrovcikom-starostom-kosickej-mestskej-casti-stare-mesto\/"},"modified":"2024-02-07T10:34:27","modified_gmt":"2024-02-07T10:34:27","slug":"rozhovor-s-igorom-petrovcikom-starostom-kosickej-mestskej-casti-stare-mesto","status":"publish","type":"post","link":"https:\/\/500km.sk\/en\/rozhovor-s-igorom-petrovcikom-starostom-kosickej-mestskej-casti-stare-mesto\/","title":{"rendered":"Interview with Igor Petrov\u010d\u00edk, mayor of Ko\u0161ice&#8217;s Star\u00e9 Mesto district."},"content":{"rendered":"\n<p><strong><strong>The city of Ko\u0161ice became a part of the race last year. We have to say that the way the city and its inhabitants have welcomed us makes us extremely happy. From the support of the mayor of the Old Town district &#8211; Igor Petrov\u010d\u00edk, to the amazing spectators who created a great atmosphere and welcomed us in a big way. We were also very pleased with the visit of Mr. Mayor himself at the event. Some time has passed since the event and we decided to interview Mr. Mayor.    <\/strong>The city of Ko\u0161ice became a part of the race last year. We have to say that the way the city and its inhabitants have welcomed us makes us extremely happy. From the support of the mayor of the Old Town district &#8211; Igor Petrov\u010d\u00edk, to the amazing spectators who created a great atmosphere and welcomed us in a big way. We were also very pleased with the visit of Mr. Mayor himself at the event. Some time has passed since the event and we decided to interview Mr. Mayor.    <\/strong><\/p>\n","protected":false},"excerpt":{"rendered":"<p>The city of Ko\u0161ice became a part of the race last year. We have to say that the way the city and its inhabitants have welcomed us makes us extremely happy. From the support of the mayor of the Old Town district &#8211; Igor Petrov\u010d\u00edk, to the amazing spectators who created a great atmosphere and [&hellip;]<\/p>\n","protected":false},"author":8,"featured_media":16106,"comment_status":"closed","ping_status":"open","sticky":false,"template":"","format":"standard","meta":{"footnotes":""},"categories":[77],"tags":[],"yoast_head":"<!-- This site is optimized with the Yoast SEO plugin v22.5 - https:\/\/yoast.com\/wordpress\/plugins\/seo\/ -->\n<title>Interview with Igor Petrov\u010d\u00edk, mayor of Ko\u0161ice&#039;s Star\u00e9 Mesto district. - 500 km slovensk\u00fdch<\/title>\n<meta name=\"robots\" content=\"index, follow, max-snippet:-1, max-image-preview:large, max-video-preview:-1\" \/>\n<link rel=\"canonical\" href=\"https:\/\/500km.sk\/en\/rozhovor-s-igorom-petrovcikom-starostom-kosickej-mestskej-casti-stare-mesto\/\" \/>\n<meta property=\"og:locale\" content=\"en_US\" \/>\n<meta property=\"og:type\" content=\"article\" \/>\n<meta property=\"og:title\" content=\"Interview with Igor Petrov\u010d\u00edk, mayor of Ko\u0161ice&#039;s Star\u00e9 Mesto district. - 500 km slovensk\u00fdch\" \/>\n<meta property=\"og:description\" content=\"The city of Ko\u0161ice became a part of the race last year. We have to say that the way the city and its inhabitants have welcomed us makes us extremely happy. From the support of the mayor of the Old Town district &#8211; Igor Petrov\u010d\u00edk, to the amazing spectators who created a great atmosphere and [&hellip;]\" \/>\n<meta property=\"og:url\" content=\"https:\/\/500km.sk\/en\/rozhovor-s-igorom-petrovcikom-starostom-kosickej-mestskej-casti-stare-mesto\/\" \/>\n<meta property=\"og:site_name\" content=\"500 km slovensk\u00fdch\" \/>\n<meta property=\"article:publisher\" content=\"https:\/\/www.facebook.com\/500kmslovenskych\" \/>\n<meta property=\"article:published_time\" content=\"2024-02-07T08:43:37+00:00\" \/>\n<meta property=\"article:modified_time\" content=\"2024-02-07T10:34:27+00:00\" \/>\n<meta property=\"og:image\" content=\"https:\/\/500km.sk\/wp-content\/uploads\/2024\/02\/PR2.jpeg\" \/>\n\t<meta property=\"og:image:width\" content=\"707\" \/>\n\t<meta property=\"og:image:height\" content=\"707\" \/>\n\t<meta property=\"og:image:type\" content=\"image\/jpeg\" \/>\n<meta name=\"author\" content=\"jan\" \/>\n<meta name=\"twitter:card\" content=\"summary_large_image\" \/>\n<meta name=\"twitter:creator\" content=\"@500km_sk\" \/>\n<meta name=\"twitter:site\" content=\"@500km_sk\" \/>\n<meta name=\"twitter:label1\" content=\"Written by\" \/>\n\t<meta name=\"twitter:data1\" content=\"jan\" \/>\n\t<meta name=\"twitter:label2\" content=\"Est. reading time\" \/>\n\t<meta name=\"twitter:data2\" content=\"7 minutes\" \/>\n<script type=\"application\/ld+json\" class=\"yoast-schema-graph\">{\"@context\":\"https:\/\/schema.org\",\"@graph\":[{\"@type\":\"WebPage\",\"@id\":\"https:\/\/500km.sk\/en\/rozhovor-s-igorom-petrovcikom-starostom-kosickej-mestskej-casti-stare-mesto\/\",\"url\":\"https:\/\/500km.sk\/en\/rozhovor-s-igorom-petrovcikom-starostom-kosickej-mestskej-casti-stare-mesto\/\",\"name\":\"Interview with Igor Petrov\u010d\u00edk, mayor of Ko\u0161ice's Star\u00e9 Mesto district. - 500 km slovensk\u00fdch\",\"isPartOf\":{\"@id\":\"https:\/\/500km.sk\/en\/#website\"},\"primaryImageOfPage\":{\"@id\":\"https:\/\/500km.sk\/en\/rozhovor-s-igorom-petrovcikom-starostom-kosickej-mestskej-casti-stare-mesto\/#primaryimage\"},\"image\":{\"@id\":\"https:\/\/500km.sk\/en\/rozhovor-s-igorom-petrovcikom-starostom-kosickej-mestskej-casti-stare-mesto\/#primaryimage\"},\"thumbnailUrl\":\"https:\/\/500km.sk\/wp-content\/uploads\/2024\/02\/PR2.jpeg\",\"datePublished\":\"2024-02-07T08:43:37+00:00\",\"dateModified\":\"2024-02-07T10:34:27+00:00\",\"author\":{\"@id\":\"https:\/\/500km.sk\/en\/#\/schema\/person\/2571455c9f9f8966445ef9c84b2fceec\"},\"breadcrumb\":{\"@id\":\"https:\/\/500km.sk\/en\/rozhovor-s-igorom-petrovcikom-starostom-kosickej-mestskej-casti-stare-mesto\/#breadcrumb\"},\"inLanguage\":\"en-US\",\"potentialAction\":[{\"@type\":\"ReadAction\",\"target\":[\"https:\/\/500km.sk\/en\/rozhovor-s-igorom-petrovcikom-starostom-kosickej-mestskej-casti-stare-mesto\/\"]}]},{\"@type\":\"ImageObject\",\"inLanguage\":\"en-US\",\"@id\":\"https:\/\/500km.sk\/en\/rozhovor-s-igorom-petrovcikom-starostom-kosickej-mestskej-casti-stare-mesto\/#primaryimage\",\"url\":\"https:\/\/500km.sk\/wp-content\/uploads\/2024\/02\/PR2.jpeg\",\"contentUrl\":\"https:\/\/500km.sk\/wp-content\/uploads\/2024\/02\/PR2.jpeg\",\"width\":707,\"height\":707},{\"@type\":\"BreadcrumbList\",\"@id\":\"https:\/\/500km.sk\/en\/rozhovor-s-igorom-petrovcikom-starostom-kosickej-mestskej-casti-stare-mesto\/#breadcrumb\",\"itemListElement\":[{\"@type\":\"ListItem\",\"position\":1,\"name\":\"Home\",\"item\":\"https:\/\/500km.sk\/en\/\"},{\"@type\":\"ListItem\",\"position\":2,\"name\":\"Interview with Igor Petrov\u010d\u00edk, mayor of Ko\u0161ice&#8217;s Star\u00e9 Mesto district.\"}]},{\"@type\":\"WebSite\",\"@id\":\"https:\/\/500km.sk\/en\/#website\",\"url\":\"https:\/\/500km.sk\/en\/\",\"name\":\"500 km slovensk\u00fdch\",\"description\":\"500 km slovensk\u00fdch\",\"potentialAction\":[{\"@type\":\"SearchAction\",\"target\":{\"@type\":\"EntryPoint\",\"urlTemplate\":\"https:\/\/500km.sk\/en\/?s={search_term_string}\"},\"query-input\":\"required name=search_term_string\"}],\"inLanguage\":\"en-US\"},{\"@type\":\"Person\",\"@id\":\"https:\/\/500km.sk\/en\/#\/schema\/person\/2571455c9f9f8966445ef9c84b2fceec\",\"name\":\"jan\",\"image\":{\"@type\":\"ImageObject\",\"inLanguage\":\"en-US\",\"@id\":\"https:\/\/500km.sk\/en\/#\/schema\/person\/image\/\",\"url\":\"https:\/\/secure.gravatar.com\/avatar\/80aa3e27d090a60ee6365aecb259ddb4?s=96&d=mm&r=g\",\"contentUrl\":\"https:\/\/secure.gravatar.com\/avatar\/80aa3e27d090a60ee6365aecb259ddb4?s=96&d=mm&r=g\",\"caption\":\"jan\"},\"url\":\"https:\/\/500km.sk\/en\/author\/obysj\/\"}]}<\/script>\n<!-- \/ Yoast SEO plugin. -->","yoast_head_json":{"title":"Interview with Igor Petrov\u010d\u00edk, mayor of Ko\u0161ice's Star\u00e9 Mesto district. - 500 km slovensk\u00fdch","robots":{"index":"index","follow":"follow","max-snippet":"max-snippet:-1","max-image-preview":"max-image-preview:large","max-video-preview":"max-video-preview:-1"},"canonical":"https:\/\/500km.sk\/en\/rozhovor-s-igorom-petrovcikom-starostom-kosickej-mestskej-casti-stare-mesto\/","og_locale":"en_US","og_type":"article","og_title":"Interview with Igor Petrov\u010d\u00edk, mayor of Ko\u0161ice's Star\u00e9 Mesto district. - 500 km slovensk\u00fdch","og_description":"The city of Ko\u0161ice became a part of the race last year. We have to say that the way the city and its inhabitants have welcomed us makes us extremely happy. From the support of the mayor of the Old Town district &#8211; Igor Petrov\u010d\u00edk, to the amazing spectators who created a great atmosphere and [&hellip;]","og_url":"https:\/\/500km.sk\/en\/rozhovor-s-igorom-petrovcikom-starostom-kosickej-mestskej-casti-stare-mesto\/","og_site_name":"500 km slovensk\u00fdch","article_publisher":"https:\/\/www.facebook.com\/500kmslovenskych","article_published_time":"2024-02-07T08:43:37+00:00","article_modified_time":"2024-02-07T10:34:27+00:00","og_image":[{"width":707,"height":707,"url":"https:\/\/500km.sk\/wp-content\/uploads\/2024\/02\/PR2.jpeg","type":"image\/jpeg"}],"author":"jan","twitter_card":"summary_large_image","twitter_creator":"@500km_sk","twitter_site":"@500km_sk","twitter_misc":{"Written by":"jan","Est. reading time":"7 minutes"},"schema":{"@context":"https:\/\/schema.org","@graph":[{"@type":"WebPage","@id":"https:\/\/500km.sk\/en\/rozhovor-s-igorom-petrovcikom-starostom-kosickej-mestskej-casti-stare-mesto\/","url":"https:\/\/500km.sk\/en\/rozhovor-s-igorom-petrovcikom-starostom-kosickej-mestskej-casti-stare-mesto\/","name":"Interview with Igor Petrov\u010d\u00edk, mayor of Ko\u0161ice's Star\u00e9 Mesto district. - 500 km slovensk\u00fdch","isPartOf":{"@id":"https:\/\/500km.sk\/en\/#website"},"primaryImageOfPage":{"@id":"https:\/\/500km.sk\/en\/rozhovor-s-igorom-petrovcikom-starostom-kosickej-mestskej-casti-stare-mesto\/#primaryimage"},"image":{"@id":"https:\/\/500km.sk\/en\/rozhovor-s-igorom-petrovcikom-starostom-kosickej-mestskej-casti-stare-mesto\/#primaryimage"},"thumbnailUrl":"https:\/\/500km.sk\/wp-content\/uploads\/2024\/02\/PR2.jpeg","datePublished":"2024-02-07T08:43:37+00:00","dateModified":"2024-02-07T10:34:27+00:00","author":{"@id":"https:\/\/500km.sk\/en\/#\/schema\/person\/2571455c9f9f8966445ef9c84b2fceec"},"breadcrumb":{"@id":"https:\/\/500km.sk\/en\/rozhovor-s-igorom-petrovcikom-starostom-kosickej-mestskej-casti-stare-mesto\/#breadcrumb"},"inLanguage":"en-US","potentialAction":[{"@type":"ReadAction","target":["https:\/\/500km.sk\/en\/rozhovor-s-igorom-petrovcikom-starostom-kosickej-mestskej-casti-stare-mesto\/"]}]},{"@type":"ImageObject","inLanguage":"en-US","@id":"https:\/\/500km.sk\/en\/rozhovor-s-igorom-petrovcikom-starostom-kosickej-mestskej-casti-stare-mesto\/#primaryimage","url":"https:\/\/500km.sk\/wp-content\/uploads\/2024\/02\/PR2.jpeg","contentUrl":"https:\/\/500km.sk\/wp-content\/uploads\/2024\/02\/PR2.jpeg","width":707,"height":707},{"@type":"BreadcrumbList","@id":"https:\/\/500km.sk\/en\/rozhovor-s-igorom-petrovcikom-starostom-kosickej-mestskej-casti-stare-mesto\/#breadcrumb","itemListElement":[{"@type":"ListItem","position":1,"name":"Home","item":"https:\/\/500km.sk\/en\/"},{"@type":"ListItem","position":2,"name":"Interview with Igor Petrov\u010d\u00edk, mayor of Ko\u0161ice&#8217;s Star\u00e9 Mesto district."}]},{"@type":"WebSite","@id":"https:\/\/500km.sk\/en\/#website","url":"https:\/\/500km.sk\/en\/","name":"500 km slovensk\u00fdch","description":"500 km slovensk\u00fdch","potentialAction":[{"@type":"SearchAction","target":{"@type":"EntryPoint","urlTemplate":"https:\/\/500km.sk\/en\/?s={search_term_string}"},"query-input":"required name=search_term_string"}],"inLanguage":"en-US"},{"@type":"Person","@id":"https:\/\/500km.sk\/en\/#\/schema\/person\/2571455c9f9f8966445ef9c84b2fceec","name":"jan","image":{"@type":"ImageObject","inLanguage":"en-US","@id":"https:\/\/500km.sk\/en\/#\/schema\/person\/image\/","url":"https:\/\/secure.gravatar.com\/avatar\/80aa3e27d090a60ee6365aecb259ddb4?s=96&d=mm&r=g","contentUrl":"https:\/\/secure.gravatar.com\/avatar\/80aa3e27d090a60ee6365aecb259ddb4?s=96&d=mm&r=g","caption":"jan"},"url":"https:\/\/500km.sk\/en\/author\/obysj\/"}]}},"_links":{"self":[{"href":"https:\/\/500km.sk\/en\/wp-json\/wp\/v2\/posts\/16114"}],"collection":[{"href":"https:\/\/500km.sk\/en\/wp-json\/wp\/v2\/posts"}],"about":[{"href":"https:\/\/500km.sk\/en\/wp-json\/wp\/v2\/types\/post"}],"author":[{"embeddable":true,"href":"https:\/\/500km.sk\/en\/wp-json\/wp\/v2\/users\/8"}],"replies":[{"embeddable":true,"href":"https:\/\/500km.sk\/en\/wp-json\/wp\/v2\/comments?post=16114"}],"version-history":[{"count":2,"href":"https:\/\/500km.sk\/en\/wp-json\/wp\/v2\/posts\/16114\/revisions"}],"predecessor-version":[{"id":16116,"href":"https:\/\/500km.sk\/en\/wp-json\/wp\/v2\/posts\/16114\/revisions\/16116"}],"wp:featuredmedia":[{"embeddable":true,"href":"https:\/\/500km.sk\/en\/wp-json\/wp\/v2\/media\/16106"}],"wp:attachment":[{"href":"https:\/\/500km.sk\/en\/wp-json\/wp\/v2\/media?parent=16114"}],"wp:term":[{"taxonomy":"category","embeddable":true,"href":"https:\/\/500km.sk\/en\/wp-json\/wp\/v2\/categories?post=16114"},{"taxonomy":"post_tag","embeddable":true,"href":"https:\/\/500km.sk\/en\/wp-json\/wp\/v2\/tags?post=16114"}],"curies":[{"name":"wp","href":"https:\/\/api.w.org\/{rel}","templated":true}]}}